{"id":180,"date":"2026-04-24T09:57:41","date_gmt":"2026-04-24T12:57:41","guid":{"rendered":"http:\/\/o-berro-2025-1-3"},"modified":"2026-04-24T11:40:48","modified_gmt":"2026-04-24T14:40:48","slug":"tudo-menos-portuguesa","status":"publish","type":"post","link":"https:\/\/oberro.unicap.br\/edicoes\/2025_1\/?p=180","title":{"rendered":"Tudo menos portuguesa"},"content":{"rendered":"<p>Por sentimentalismo ou vaidade, gostamos de dizer que a saudade s\u00f3 existe em portugu\u00eas, mas em 2025 n\u00e3o h\u00e1 mais espa\u00e7o para esse mito. Apesar de n\u00e3o ter tradu\u00e7\u00e3o literal em outros idiomas, a saudade \u00e9 um sentimento comum \u00e0 vida humana. Ao redor do mundo, h\u00e1 registros emocionais que espelham o que, em portugu\u00eas, chamamos de saudade. Nas artes, na mem\u00f3ria e na fala das pessoas, ela aparece, com outros nomes, outras melodias, mas a mesma ess\u00eancia.<\/p>\n<p>Sobre isso, o presidente da academia de letras de Pernambuco Lourival Holanda afirmou: &#8220;N\u00e3o \u00e9 um sentimento pr\u00f3prio do portugu\u00eas. Os sentimentos humanos s\u00e3o universais, existindo, claro, particularidades aqui e ali que s\u00e3o pr\u00f3prias da linguagem. Mas a nossa l\u00edngua \u00e9 como nossos nervos, \u00e9 absolutamente pessoal, ent\u00e3o h\u00e1 um modo nosso de sentir saudade, como o batimento do cora\u00e7\u00e3o, que \u00e9 absolutamente \u00fanico&#8221;. \u00c9 s\u00f3 prestar aten\u00e7\u00e3o: Eric Clapton, cantor brit\u00e2nico, escreveu sobre a saudade e a dor de perder seu filho de apenas 4 anos na m\u00fasica \u201cTears in Heaven\u201d. Nela, o cantor inconsol\u00e1vel, tenta enxergar a esperan\u00e7a do reencontro nesta trag\u00e9dia devastadora;<\/p>\n<p><em><strong>Voc\u00ea saberia meu nome<\/strong><\/em><br \/>\n<em><strong>Se eu o visse no para\u00edso?<\/strong><\/em><br \/>\n<em><strong>Seria o mesmo<\/strong><\/em><br \/>\n<em><strong>Se eu o visse no para\u00edso?<\/strong><\/em><\/p>\n<p>Outro exemplo \u00e9 um cl\u00e1ssico do hip hop dos anos 90: &#8220;I&#8217;ll Be Missing You&#8221;, em que Faith Evans, Diddy e a Banda 112 lamentam a partida do jovem rapper, Notorious B.I.G., que foi assassinado: &#8220;Cada movimento que eu fizer, A cada dia, cada vez que eu rezar, Eu vou sentir sua falta.&#8221;<\/p>\n<p>Na mesma linha, a banda irlandesa The Cranberries canta, em \u201cOde to My Family\u201d, sobre a saudade da inf\u00e2ncia, da simplicidade familiar e a nostalgia de momentos do passado.<\/p>\n<p><em><strong>Entenda no que eu me tornei,<\/strong><\/em><br \/>\n<em><strong>Esse n\u00e3o era meu projeto<\/strong><\/em><br \/>\n<em><strong>E pessoas de todo lugar pensam<\/strong><\/em><br \/>\n<em><strong>Alguma coisa melhor do que eu sou<\/strong><\/em><br \/>\n<em><strong>Mas eu sinto sua falta, eu sinto falta<\/strong><\/em><\/p>\n<p>Fora das can\u00e7\u00f5es, a saudade tamb\u00e9m se manifesta em detalhes mi\u00fados do cotidiano, na mem\u00f3ria de um caderno antigo, na sensa\u00e7\u00e3o de estar sempre em movimento, ou na dist\u00e2ncia do sert\u00e3o natal. \u00c0s vezes vem como um cheiro, como uma lembran\u00e7a esquecida, ou em um sil\u00eancio.<\/p>\n<div class='et-box et-bio'>\n\t\t\t\t\t<div class='et-box-content'><\/p>\n<p><strong>Saudade pode ser muita coisa<\/strong><\/p>\n<p>Joumanna Salem \u00e9 da Tun\u00edsia, pa\u00eds Norte Africano. O \u00e1rabe \u00e9 sua l\u00edngua materna, mas ela tamb\u00e9m fala franc\u00eas, um pouco de italiano e ingl\u00eas. Quando perguntei sobre o significado de &#8220;saudade&#8221;, expliquei o sentimento, e ela me disse que, em sua l\u00edngua, a palavra &#8220;\u062d\u0646\u064a\u0646&#8221; (Haneen) traduz bem o que eu estava tentando descrever. Segundo ela, trata-se de uma palavra que expressa um sentimento de nostalgia, especialmente por algo que j\u00e1 passou ou por um lugar querido, mas tamb\u00e9m pode ser o desejo de retornar a um tempo ou espa\u00e7o que ficou para tr\u00e1s. Joumanna contou que sentiu esse tipo de saudade recentemente: &#8220;Esses dias abri um caderno antigo, da \u00e9poca em que ganhei a bolsa para estudar ingl\u00eas nos Estados Unidos. Lendo minhas anota\u00e7\u00f5es, senti falta da leveza daquele tempo.&#8221; Para a cantora potiguar Juliana Linhares, a saudade esta no se movimentar &#8220;Eu sou uma pessoa que vive indo, indo, indo&#8230; Pra dist\u00e2ncias diferentes, n\u00e9? N\u00e3o s\u00f3 a dist\u00e2ncia do meu nascimento, da minha casa, do meu conforto, mas sempre outras. Estou sempre em deslocamento. Ent\u00e3o, as saudades s\u00e3o constantes. Acho que sou meio feita disso, meio constitu\u00edda por saudade.&#8221; J\u00e1 para o poeta Caio Meneses, nascido no sert\u00e3o do Paje\u00fa, em S\u00e3o Jos\u00e9 do Egito, a saudade est\u00e1 profundamente ligada \u00e0 aus\u00eancia do territ\u00f3rio e dos familiares que precisaram deixar para tr\u00e1s a vida no semi\u00e1rido em busca de melhores oportunidades na capital. H\u00e1 alguns anos, Caio se mudou para lecionar na Universidade Federal do Piau\u00ed. A vida longe de casa faz o poeta sentir saudade diariamente sentimento que ecoa em seus versos. Em um de seus poemas, ele escreve: &#8220;o sil\u00eancio do quarto abandonado faz barulho demais na nossa mente. A saudade \u00e9 um grito do passado que se escuta no ouvido do presente, como se fosse um fog\u00e3o descalibrado, incensando de g\u00e1s o ambiente. A saudade \u00e9 o tempero do passado, preparando uma comida para o presente.<\/p><\/div><\/div>\n<p>Se \u00e9 verdade que saudade s\u00f3 existe em portugu\u00eas, \u00e9 tamb\u00e9m verdade que esse nome n\u00e3o d\u00e1 conta de tudo o que ela \u00e9. Em cada cultura, o sentimento encontra um jeito de nascer. A saudade \u00e9 menos uma palavra e mais um lugar \u00edntimo onde se guarda tudo o que foi vivido, e tudo o que ainda se espera viver. E nesse sentido, n\u00e3o \u00e9 portuguesa: \u00e9 humana.<\/p>\n","protected":false},"excerpt":{"rendered":"<p>Por sentimentalismo ou vaidade, gostamos de dizer que a saudade s\u00f3 existe em portugu\u00eas, mas em 2025 n\u00e3o h\u00e1 mais espa\u00e7o para esse mito. Apesar de n\u00e3o ter tradu\u00e7\u00e3o literal em outros idiomas, a saudade \u00e9 um sentimento comum \u00e0 vida humana. Ao redor do mundo, h\u00e1 registros emocionais que espelham o que, em portugu\u00eas, chamamos de saudade. Nas artes, na me<\/p>\n","protected":false},"author":7,"featured_media":0,"comment_status":"closed","ping_status":"closed","sticky":false,"template":"","format":"standard","meta":{"_et_pb_use_builder":"","_et_pb_old_content":"","_et_gb_content_width":"","footnotes":""},"categories":[4],"tags":[],"class_list":["post-180","post","type-post","status-publish","format-standard","hentry","category-gente"],"_links":{"self":[{"href":"https:\/\/oberro.unicap.br\/edicoes\/2025_1\/index.php?rest_route=\/wp\/v2\/posts\/180","targetHints":{"allow":["GET"]}}],"collection":[{"href":"https:\/\/oberro.unicap.br\/edicoes\/2025_1\/index.php?rest_route=\/wp\/v2\/posts"}],"about":[{"href":"https:\/\/oberro.unicap.br\/edicoes\/2025_1\/index.php?rest_route=\/wp\/v2\/types\/post"}],"author":[{"embeddable":true,"href":"https:\/\/oberro.unicap.br\/edicoes\/2025_1\/index.php?rest_route=\/wp\/v2\/users\/7"}],"replies":[{"embeddable":true,"href":"https:\/\/oberro.unicap.br\/edicoes\/2025_1\/index.php?rest_route=%2Fwp%2Fv2%2Fcomments&post=180"}],"version-history":[{"count":11,"href":"https:\/\/oberro.unicap.br\/edicoes\/2025_1\/index.php?rest_route=\/wp\/v2\/posts\/180\/revisions"}],"predecessor-version":[{"id":309,"href":"https:\/\/oberro.unicap.br\/edicoes\/2025_1\/index.php?rest_route=\/wp\/v2\/posts\/180\/revisions\/309"}],"wp:attachment":[{"href":"https:\/\/oberro.unicap.br\/edicoes\/2025_1\/index.php?rest_route=%2Fwp%2Fv2%2Fmedia&parent=180"}],"wp:term":[{"taxonomy":"category","embeddable":true,"href":"https:\/\/oberro.unicap.br\/edicoes\/2025_1\/index.php?rest_route=%2Fwp%2Fv2%2Fcategories&post=180"},{"taxonomy":"post_tag","embeddable":true,"href":"https:\/\/oberro.unicap.br\/edicoes\/2025_1\/index.php?rest_route=%2Fwp%2Fv2%2Ftags&post=180"}],"curies":[{"name":"wp","href":"https:\/\/api.w.org\/{rel}","templated":true}]}}