{"id":203,"date":"2026-04-24T09:57:41","date_gmt":"2026-04-24T12:57:41","guid":{"rendered":"http:\/\/o-berro-2025-1-26"},"modified":"2026-04-24T21:52:19","modified_gmt":"2026-04-25T00:52:19","slug":"antes-de-tudo-a-musica","status":"publish","type":"post","link":"https:\/\/oberro.unicap.br\/edicoes\/2025_1\/?p=203","title":{"rendered":"Antes de tudo, a m\u00fasica"},"content":{"rendered":"<h2><strong>Experi\u00eancias e viv\u00eancias de quem vive a arte dos sons<\/strong><\/h2>\n<p>Por muito tempo considerada uma linguagem universal, a m\u00fasica ultrapassa fronteiras, conecta pessoas e, para muitos, \u00e9 um verdadeiro v\u00ednculo de amor e sentido de vida. Este \u00e9 o caso de quatro m\u00fasicos pernambucanos que vivem e estudam a arte dos sons: Jairo Filho, 25 anos, Guilherme Sim\u00f5es, 17 anos, Andr\u00e9 Alves, 27 anos e Karla Karolla, 32. De trajet\u00f3rias distintas, mas unidas pela paix\u00e3o em comum, eles compartilham como a m\u00fasica moldou suas vidas, influenciou escolhas, guiou desafios e se consolidou como express\u00e3o m\u00e1xima de amor, resist\u00eancia e identidade.<\/p>\n<p>Em suas narrativas, percebemos como a m\u00fasica vai al\u00e9m de uma profiss\u00e3o ou passatempo: \u00e9 parte intr\u00ednseca de quem eles s\u00e3o, uma lente por meio da qual enxergam o mundo e constroem seus projetos de vida. Suas hist\u00f3rias se cruzam n\u00e3o apenas pelo amor \u00e0 arte, mas tamb\u00e9m pela persist\u00eancia em manter esse amor vivo, mesmo diante de todas as dificuldades pelo caminho.<\/p>\n<p><strong>Jairo: Da igreja ao palco erudito, um caminho de descobertas e amadurecimento<\/strong><\/p>\n<div id=\"attachment_440\" style=\"width: 179px\" class=\"wp-caption alignleft\"><img loading=\"lazy\" decoding=\"async\" aria-describedby=\"caption-attachment-440\" class=\"size-medium wp-image-440\" src=\"https:\/\/oberro.unicap.br\/edicoes\/2025_1\/wp-content\/uploads\/2026\/04\/vitor-10-tratada-169x300.jpg\" alt=\"\u201cO espa\u00e7o para \u00f3pera ainda \u00e9 limitado na cidade\u201d\" width=\"169\" height=\"300\" \/><p id=\"caption-attachment-440\" class=\"wp-caption-text\">\u201cO espa\u00e7o para \u00f3pera ainda \u00e9 limitado na cidade\u201d<\/p><\/div>\n<p>A trajet\u00f3ria musical de Jairo, hoje com 25 anos, teve in\u00edcio ainda na inf\u00e2ncia, marcada por uma forte viv\u00eancia religiosa. Foi aos 11 anos, em meados de 2010, que ele come\u00e7ou a cantar no minist\u00e9rio de louvor da igreja que frequentava, participando ativamente dos cultos e eventos comunit\u00e1rios. A m\u00fasica, nesse contexto, era inicialmente uma forma de express\u00e3o espiritual, mas aos poucos se transformou em algo maior: uma paix\u00e3o e um caminho de vida.<\/p>\n<p>Aos 14 anos, em 2014, Jairo decidiu profissionalizar sua rela\u00e7\u00e3o com a m\u00fasica e ingressou na ETECM &#8211; Escola T\u00e9cnica Estadual de Criatividade Musical, localizada no bairro de Santo Amaro, no Recife. Ali, ele teve contato com disciplinas formais de teoria musical, percep\u00e7\u00e3o sonora e pr\u00e1tica instrumental, al\u00e9m de participar de grupos de m\u00fasica popular, enriquecendo sua forma\u00e7\u00e3o e ampliando horizontes.<\/p>\n<p>Com o passar do tempo, Jairo foi descobrindo outros universos musicais al\u00e9m do repert\u00f3rio religioso e popular com o qual j\u00e1 estava familiarizado. Um desses encontros marcantes foi com o canto erudito, despertado pela atua\u00e7\u00e3o no Ateli\u00ea de \u00d3pera do Recife (AOR), projeto que promove montagens l\u00edricas anuais no tradicional Teatro de Santa Isabel. Desde ent\u00e3o, Jairo vem se dedicando ao estudo do bel canto, participando de corais especializados como o Bluejeans, coro masculino do Conservat\u00f3rio Pernambucano de M\u00fasica, e o Grupo Vocal Cantamus, com foco em m\u00fasica sacra.<\/p>\n<p>\u201cEstou atualmente apaixonado pelo canto erudito\u201d, revela. \u201cTenho estudado muito sobre essa arte, principalmente t\u00e9cnicas vocais espec\u00edficas, respira\u00e7\u00e3o e interpreta\u00e7\u00e3o.\u201d Seu olhar se ampliou: hoje, al\u00e9m de cantar, Jairo tamb\u00e9m aprecia o papel de espectador, assistindo a concertos e \u00f3peras sempre que poss\u00edvel, numa busca constante por refer\u00eancias e inspira\u00e7\u00e3o.<\/p>\n<p>Entre seus \u00eddolos, Jairo cita nomes como Andrea Bocelli e Luciano Pavarotti, que considera exemplos m\u00e1ximos de t\u00e9cnica e emo\u00e7\u00e3o no canto l\u00edrico. Mas sua playlist tamb\u00e9m inclui artistas como Lady Gaga, pela versatilidade e dom\u00ednio de palco, e o grupo gospel Diante do Trono, que marcou sua inf\u00e2ncia e adolesc\u00eancia.<\/p>\n<p>Apesar da paix\u00e3o, Jairo reconhece que o caminho n\u00e3o \u00e9 f\u00e1cil. \u201cO espa\u00e7o para \u00f3pera ainda \u00e9 limitado na cidade\u201d, reflete. No entanto, ele n\u00e3o desanima: seus planos incluem concluir a forma\u00e7\u00e3o t\u00e9cnica e, eventualmente, ingressar em uma faculdade de m\u00fasica, talvez ampliando sua atua\u00e7\u00e3o para al\u00e9m do Recife. \u201cEstou deixando as coisas flu\u00edrem, mas sei que a m\u00fasica ser\u00e1 sempre parte essencial da minha vida.\u201d<\/p>\n<p><strong>Guilherme: do encanto infantil ao palco do The Voice Kids<\/strong><\/p>\n<div id=\"attachment_439\" style=\"width: 210px\" class=\"wp-caption alignleft\"><img loading=\"lazy\" decoding=\"async\" aria-describedby=\"caption-attachment-439\" class=\"size-medium wp-image-439\" src=\"https:\/\/oberro.unicap.br\/edicoes\/2025_1\/wp-content\/uploads\/2026\/04\/vitor-5-tratada-200x300.jpg\" alt=\"&quot;Quero fazer faculdade de m\u00fasica e seguir profissionalmente\u201d\" width=\"200\" height=\"300\" \/><p id=\"caption-attachment-439\" class=\"wp-caption-text\">&#8220;Quero fazer faculdade de m\u00fasica e seguir profissionalmente\u201d<\/p><\/div>\n<p>Com apenas 17 anos, Guilherme j\u00e1 carrega uma trajet\u00f3ria musical rica e inspiradora. Desde muito pequeno, demonstrava fasc\u00ednio pela m\u00fasica: aos 3 anos, j\u00e1 brincava com instrumentos de brinquedo e imitava cantores que via na televis\u00e3o. Aos 6 anos, em 2013, iniciou seus primeiros estudos formais, aprendendo viol\u00e3o e t\u00e9cnica vocal, com incentivo da fam\u00edlia, que sempre valorizou a cultura e as artes.<\/p>\n<p>Mas o grande divisor de \u00e1guas em sua vida musical ocorreu em 2020, quando, aos 12 anos, participou do programa The Voice Kids Brasil, transmitido nacionalmente pela TV Globo. Para ele, a experi\u00eancia foi transformadora: \u201cFoi incr\u00edvel, diferente de tudo que eu j\u00e1 tinha vivido. Estar com crian\u00e7as que compartilhavam o mesmo sonho foi muito especial.\u201d<\/p>\n<p>No programa, Guilherme p\u00f4de vivenciar o ambiente profissional da m\u00fasica: ensaios rigorosos, grava\u00e7\u00f5es em est\u00fadio e apresenta\u00e7\u00f5es ao vivo para milh\u00f5es de espectadores. \u201cAntes, minhas apresenta\u00e7\u00f5es eram recitais com p\u00fablico reduzido. No The Voice Kids, aprendi a lidar com a grandiosidade de um show televisivo e a controlar a ansiedade.\u201d<\/p>\n<p>Um dos maiores aprendizados foi entender que n\u00e3o estava sozinho no talento. \u201cSempre fui a \u00fanica crian\u00e7a que cantava e estudava m\u00fasica na minha escola. Ver tantas crian\u00e7as t\u00e3o boas quanto eu foi um choque, mas tamb\u00e9m um grande crescimento\u201d, confessa. Esse encontro com outros jovens artistas o motivou a continuar estudando e aprimorando sua t\u00e9cnica.<\/p>\n<p>Ap\u00f3s a participa\u00e7\u00e3o no programa, sua vida mudou. A pandemia trouxe desafios, como o afastamento dos palcos, mas tamb\u00e9m a oportunidade de se concentrar nos estudos vocais e aprender novas t\u00e9cnicas. \u201cEu pude perceber coisas que sempre estiveram na minha cabe\u00e7a, mas que eu ainda n\u00e3o conseguia expressar\u201d, relata.<\/p>\n<p>Suas inspira\u00e7\u00f5es s\u00e3o essencialmente brasileiras: Gal Costa, pela do\u00e7ura e pot\u00eancia da voz; Marisa Monte, pela sensibilidade art\u00edstica; e Ivete Sangalo, pela energia contagiante nos palcos. Mas Guilherme tamb\u00e9m admira artistas internacionais como Bruno Mars e Ariana Grande, principalmente pela excel\u00eancia t\u00e9cnica e capacidade de emocionar multid\u00f5es.<\/p>\n<p>Para o futuro, Guilherme n\u00e3o tem d\u00favidas: quer seguir carreira na m\u00fasica. \u201cJ\u00e1 pensei em ter um plano B, mas hoje estou mais certo do que nunca de que quero fazer faculdade de m\u00fasica e seguir profissionalmente\u201d, afirma com convic\u00e7\u00e3o. Seu sonho \u00e9 continuar emocionando pessoas atrav\u00e9s da sua arte, seja nos palcos ou nos est\u00fadios.<\/p>\n<p><strong>Andr\u00e9 Alves: o educador que respira m\u00fasica todos os dias<\/strong><\/p>\n<div id=\"attachment_438\" style=\"width: 310px\" class=\"wp-caption alignleft\"><img loading=\"lazy\" decoding=\"async\" aria-describedby=\"caption-attachment-438\" class=\"size-medium wp-image-438\" src=\"https:\/\/oberro.unicap.br\/edicoes\/2025_1\/wp-content\/uploads\/2026\/04\/vitor-2-tratada-300x200.jpg\" alt=\"Andr\u00e9 sonha em ampliar sua carreira para a Musicoterapia\" width=\"300\" height=\"200\" \/><p id=\"caption-attachment-438\" class=\"wp-caption-text\">Andr\u00e9 sonha em ampliar sua carreira para a Musicoterapia<\/p><\/div>\n<p>Andr\u00e9 Alves, com 27 anos, vive a m\u00fasica de forma intensa e cotidiana. Professor de educa\u00e7\u00e3o musical e de musicaliza\u00e7\u00e3o infantil, ele atua em escolas p\u00fablicas e projetos sociais, transmitindo para as novas gera\u00e7\u00f5es o mesmo amor que sente pela arte.<\/p>\n<p>\u201cEu respiro m\u00fasica\u201d, diz, com um sorriso. Sua forma\u00e7\u00e3o come\u00e7ou na igreja, assim como a de muitos m\u00fasicos brasileiros. \u201cAli eu aprendi a cantar, a tocar instrumentos e a perceber a m\u00fasica como uma linguagem capaz de unir as pessoas\u201d, relembra. Mais tarde, Andr\u00e9 aprofundou seus estudos na m\u00fasica cl\u00e1ssica, com foco especial no Classicismo e no Romantismo, per\u00edodos liter\u00e1rios que considera fundamentais para sua identidade musical.<\/p>\n<p>Mas sua atua\u00e7\u00e3o vai al\u00e9m dos concertos e das salas de aula. Andr\u00e9 sonha em ampliar sua carreira para a Musicoterapia, \u00e1rea em que pretende atuar futuramente, levando a m\u00fasica como instrumento de cura e acolhimento. \u201cA m\u00fasica me faz um ser melhor, mais reflexivo e mais emp\u00e1tico. Ela me permite influenciar pessoas, ajudar crian\u00e7as e adultos a se expressarem, a lidarem com emo\u00e7\u00f5es.\u201d<\/p>\n<p>Ele reconhece que o cen\u00e1rio musical no Brasil imp\u00f5e desafios, especialmente pela falta de valoriza\u00e7\u00e3o da profiss\u00e3o. \u201cNosso pa\u00eds n\u00e3o valoriza o m\u00fasico como deveria. Muitos acreditam que \u00e9 s\u00f3 talento, mas \u00e9 preciso muito estudo e dedica\u00e7\u00e3o.\u201d Mesmo assim, Andr\u00e9 acredita no potencial da m\u00fasica como ferramenta social. \u201cVejo na educa\u00e7\u00e3o musical uma possibilidade de transforma\u00e7\u00e3o real.\u201d<\/p>\n<p>Para quem deseja seguir o mesmo caminho, ele deixa um conselho: \u201cPersevere! Em toda profiss\u00e3o precisamos ser o melhor no que fazemos, porque o mercado busca isso. Temos concursos na \u00e1rea militar, possibilidades de atuar como professores ou m\u00fasicos de orquestras. \u00c9 preciso se dedicar.\u201d<\/p>\n<p>Atualmente, Andr\u00e9 est\u00e1 focado em concluir sua gradua\u00e7\u00e3o, prevista para o final deste ano de 2025. Quanto aos sonhos, prefere manter alguns guardados, mas n\u00e3o esconde sua alegria por j\u00e1 ter realizado importantes conquistas na carreira. \u201cOutros objetivos mantenho no cora\u00e7\u00e3o, com a esperan\u00e7a de realiz\u00e1-los um dia\u201d, conclui.<\/p>\n<p><strong>Karla Karolla: entre o lirismo da \u00f3pera e a emo\u00e7\u00e3o do brega rom\u00e2ntico<\/strong><\/p>\n<div id=\"attachment_441\" style=\"width: 269px\" class=\"wp-caption alignleft\"><img loading=\"lazy\" decoding=\"async\" aria-describedby=\"caption-attachment-441\" class=\"wp-image-441 size-medium\" src=\"https:\/\/oberro.unicap.br\/edicoes\/2025_1\/wp-content\/uploads\/2026\/04\/vitor-3-tratada-259x300.jpg\" alt=\"\u201cS\u00e3o experi\u00eancias que refor\u00e7am meu amor e minha miss\u00e3o na m\u00fasica.\u201d\" width=\"259\" height=\"300\" \/><p id=\"caption-attachment-441\" class=\"wp-caption-text\">\u201cS\u00e3o experi\u00eancias que refor\u00e7am meu amor e minha miss\u00e3o na m\u00fasica.\u201d<\/p><\/div>\n<p>Natural de Olinda, cidade que respira cultura em cada esquina, Karla Karolla descobriu sua paix\u00e3o pela m\u00fasica ainda na inf\u00e2ncia.<\/p>\n<p>Sempre fui cercada por manifesta\u00e7\u00f5es culturais muito fortes, e desde pequena a m\u00fasica me encantava. Lembro de ouvir minha m\u00e3e cantando em casa e de ficar fascinada com os sons\u201d, recorda com emo\u00e7\u00e3o.<\/p>\n<p>Mais tarde, esse amor se transformou em voca\u00e7\u00e3o, quando ingressou no Conservat\u00f3rio Pernambucano de M\u00fasica, refer\u00eancia na forma\u00e7\u00e3o musical do estado. L\u00e1, Karla desenvolveu sua t\u00e9cnica vocal e ampliou sua percep\u00e7\u00e3o art\u00edstica, transitando com naturalidade entre estilos distintos.<\/p>\n<p>Eu sempre digo que a m\u00fasica \u00e9 um universo sem fronteiras\u201d, afirma. \u201cAmo cantar \u00f3pera, mas tamb\u00e9m amo o brega rom\u00e2ntico, que fala direto ao cora\u00e7\u00e3o das pessoas. Cada estilo me permite expressar uma parte diferente de mim. Esse tr\u00e2nsito me mant\u00e9m apaixonada e curiosa, sempre querendo explorar novas sonoridades e emo\u00e7\u00f5es.\u201d Karla enxerga o ato de cantar como um verdadeiro gesto de amor. \u201c\u00c9 uma forma de me comunicar, de tocar o outro.<\/p>\n<p>Quando estou no palco, sinto uma conex\u00e3o muito profunda com o p\u00fablico, como se estiv\u00e9ssemos vivendo juntos aquele momento.\u201d A m\u00fasica tamb\u00e9m impacta sua rotina de maneira decisiva: \u201cEla me d\u00e1 disciplina, mas tamb\u00e9m liberdade.<\/p>\n<p>Me emociona, me inspira, me desafia. Mesmo fora dos palcos, ela est\u00e1 presente: na minha rotina, na cria\u00e7\u00e3o dos meus projetos e, principalmente, na forma como me relaciono com o mundo.\u201d<\/p>\n<p>Entre os momentos mais marcantes de sua carreira, Karla destaca a estreia na \u00f3pera \u201cIl Maestro di Musica\u201d, realizada no Teatro de Santa Isabel, em agosto de 2023. \u201cFoi emocionante levar o canto l\u00edrico para um p\u00fablico t\u00e3o diverso e perceber como a m\u00fasica, mesmo erudita, pode emocionar e ser acess\u00edvel.\u201d Outro momento inesquec\u00edvel foi o lan\u00e7amento de suas m\u00fasicas no estilo brega rom\u00e2ntico, que geraram identifica\u00e7\u00e3o imediata do p\u00fablico. \u201cS\u00e3o experi\u00eancias que refor\u00e7am meu amor e minha miss\u00e3o na m\u00fasica.\u201d<\/p>\n<p>Para quem est\u00e1 come\u00e7ando na carreira musical, Karla deixa uma mensagem sincera: \u201cAme muito o que faz, porque o amor vai ser seu combust\u00edvel nos dias dif\u00edceis. Estude, se dedique, mas nunca perca a sua ess\u00eancia e a sua alegria em fazer m\u00fasica. A arte \u00e9, acima de tudo, um presente que a gente oferece ao mundo.\u201d<\/p>\n<p><strong>O amor como fio condutor da arte<\/strong><\/p>\n<p>As hist\u00f3rias de Jairo, Guilherme, Andr\u00e9 e Karla s\u00e3o diferentes em trajet\u00f3rias, estilos e momentos de vida, mas todas demonstram como a m\u00fasica \u00e9, acima de tudo, um v\u00ednculo de amor. Um amor que inspira, que fortalece, que transforma. Seja no palco de um teatro hist\u00f3rico, na sala de aula, no set de um programa televisivo ou nos bastidores de uma grava\u00e7\u00e3o, a m\u00fasica ocupa um espa\u00e7o de protagonismo na vida de quem escolhe viv\u00ea-la.<\/p>\n<p>Em meio aos desafios que cercam o fazer art\u00edstico no Brasil, como a falta de pol\u00edticas p\u00fablicas, o preconceito contra determinadas express\u00f5es musicais, como o brega-funk, e as limita\u00e7\u00f5es do mercado, o que mant\u00e9m esses m\u00fasicos firmes \u00e9 esse amor profundo, visceral e inegoci\u00e1vel.<\/p>\n<p>Mais do que uma profiss\u00e3o ou um hobby, a m\u00fasica para eles \u00e9 um compromisso com a arte, com a sensibilidade humana e com a constru\u00e7\u00e3o de um mundo onde a express\u00e3o art\u00edstica seja sempre um caminho leg\u00edtimo de conex\u00e3o e transforma\u00e7\u00e3o. Em cada nota, em cada verso, em cada acorde, eles encontram n\u00e3o apenas o sentido da pr\u00f3pria vida, mas tamb\u00e9m a chance de tocar e transformar a vida de outras pessoas.<\/p>\n","protected":false},"excerpt":{"rendered":"<p>Experi\u00eancias e viv\u00eancias de quem vive a arte dos sons<\/p>\n","protected":false},"author":15,"featured_media":437,"comment_status":"closed","ping_status":"closed","sticky":false,"template":"","format":"standard","meta":{"_et_pb_use_builder":"","_et_pb_old_content":"","_et_gb_content_width":"","footnotes":""},"categories":[6],"tags":[],"class_list":["post-203","post","type-post","status-publish","format-standard","has-post-thumbnail","hentry","category-musica"],"_links":{"self":[{"href":"https:\/\/oberro.unicap.br\/edicoes\/2025_1\/index.php?rest_route=\/wp\/v2\/posts\/203","targetHints":{"allow":["GET"]}}],"collection":[{"href":"https:\/\/oberro.unicap.br\/edicoes\/2025_1\/index.php?rest_route=\/wp\/v2\/posts"}],"about":[{"href":"https:\/\/oberro.unicap.br\/edicoes\/2025_1\/index.php?rest_route=\/wp\/v2\/types\/post"}],"author":[{"embeddable":true,"href":"https:\/\/oberro.unicap.br\/edicoes\/2025_1\/index.php?rest_route=\/wp\/v2\/users\/15"}],"replies":[{"embeddable":true,"href":"https:\/\/oberro.unicap.br\/edicoes\/2025_1\/index.php?rest_route=%2Fwp%2Fv2%2Fcomments&post=203"}],"version-history":[{"count":3,"href":"https:\/\/oberro.unicap.br\/edicoes\/2025_1\/index.php?rest_route=\/wp\/v2\/posts\/203\/revisions"}],"predecessor-version":[{"id":442,"href":"https:\/\/oberro.unicap.br\/edicoes\/2025_1\/index.php?rest_route=\/wp\/v2\/posts\/203\/revisions\/442"}],"wp:featuredmedia":[{"embeddable":true,"href":"https:\/\/oberro.unicap.br\/edicoes\/2025_1\/index.php?rest_route=\/wp\/v2\/media\/437"}],"wp:attachment":[{"href":"https:\/\/oberro.unicap.br\/edicoes\/2025_1\/index.php?rest_route=%2Fwp%2Fv2%2Fmedia&parent=203"}],"wp:term":[{"taxonomy":"category","embeddable":true,"href":"https:\/\/oberro.unicap.br\/edicoes\/2025_1\/index.php?rest_route=%2Fwp%2Fv2%2Fcategories&post=203"},{"taxonomy":"post_tag","embeddable":true,"href":"https:\/\/oberro.unicap.br\/edicoes\/2025_1\/index.php?rest_route=%2Fwp%2Fv2%2Ftags&post=203"}],"curies":[{"name":"wp","href":"https:\/\/api.w.org\/{rel}","templated":true}]}}